{"id":1713,"date":"2025-09-08T18:55:22","date_gmt":"2025-09-08T16:55:22","guid":{"rendered":"https:\/\/largerboissy.fr\/?p=1713"},"modified":"2025-09-08T18:58:45","modified_gmt":"2025-09-08T16:58:45","slug":"bloquons-tout-stop-ou-faut-voir","status":"publish","type":"post","link":"https:\/\/largerboissy.fr\/?p=1713","title":{"rendered":"Bloquons tout, stop ou\u2026 faut voir ?"},"content":{"rendered":"\n<p><em>Publi\u00e9 le 8 septembre 2025<\/em><\/p>\n\n\n\n<p>Il est probable que je ne changerai pas beaucoup mes habitudes le 10 septembre mais le mouvement \u00ab bloquons tout \u00bb m\u2019int\u00e9resse.<\/p>\n\n\n\n<p>Oui, il y a eu des tentatives fortes de r\u00e9cup\u00e9ration par la droite extr\u00eame.<\/p>\n\n\n\n<p>Oui, <a><\/a>il y en a maintenant par d\u2019autres mouvements, de gauche et \u00e9cologistes, pour certains radicaux.<\/p>\n\n\n\n<p>Sans doute les trolls russes ou d\u2019ailleurs tenteront-ils d\u2019avancer leurs pions.<\/p>\n\n\n\n<p>C\u2019est vrai, le risque de d\u00e9bordements me pr\u00e9occupe, comme l\u2019aspect auberge espagnole des motivations, du genre venez avec vos indignations, on fera le tri au fur et \u00e0 mesure.<\/p>\n\n\n\n<p>Mais franchement, \u00e7a ressemble tout de m\u00eame \u00e0 un mouvement vivant, sainement protestataire face \u00e0 l\u2019incurie de nos dirigeants pour r\u00e9duire les injustices sociales, pour faire fonctionner les services publics (et les institutions !), pour pr\u00e9parer enfin nos soci\u00e9t\u00e9s aux cons\u00e9quences du d\u00e9r\u00e8glement climatique et de l\u2019effondrement de la biodiversit\u00e9, pour donner du sens \u00e0 notre nation et \u00e0 notre avenir.<\/p>\n\n\n\n<p>Et s\u2019il sortait quelque chose de nouveau et porteur d\u2019espoir de ce mouvement ?<\/p>\n\n\n<div class=\"wp-block-image\">\n<figure class=\"aligncenter size-full is-resized\"><a href=\"https:\/\/largerboissy.fr\/wp-content\/uploads\/2025\/09\/bloquons-tout.png\"><img loading=\"lazy\" decoding=\"async\" width=\"500\" height=\"500\" src=\"https:\/\/largerboissy.fr\/wp-content\/uploads\/2025\/09\/bloquons-tout.png\" alt=\"\" class=\"wp-image-1714\" style=\"width:296px;height:auto\" srcset=\"https:\/\/largerboissy.fr\/wp-content\/uploads\/2025\/09\/bloquons-tout.png 500w, https:\/\/largerboissy.fr\/wp-content\/uploads\/2025\/09\/bloquons-tout-300x300.png 300w, https:\/\/largerboissy.fr\/wp-content\/uploads\/2025\/09\/bloquons-tout-150x150.png 150w\" sizes=\"auto, (max-width: 500px) 100vw, 500px\" \/><\/a><\/figure>\n<\/div>","protected":false},"excerpt":{"rendered":"<p>Publi\u00e9 le 8 septembre 2025 Il est probable que je ne changerai pas beaucoup mes habitudes le 10 septembre mais le mouvement \u00ab bloquons tout \u00bb m\u2019int\u00e9resse. Oui, il y a eu des tentatives fortes de r\u00e9cup\u00e9ration par la droite extr\u00eame. Oui, il y en a maintenant par d\u2019autres mouvements, de gauche et \u00e9cologistes, pour [&hellip;]<\/p>\n","protected":false},"author":1,"featured_media":0,"comment_status":"closed","ping_status":"open","sticky":false,"template":"","format":"standard","meta":{"footnotes":""},"categories":[2],"tags":[],"class_list":["post-1713","post","type-post","status-publish","format-standard","hentry","category-actualite"],"_links":{"self":[{"href":"https:\/\/largerboissy.fr\/index.php?rest_route=\/wp\/v2\/posts\/1713","targetHints":{"allow":["GET"]}}],"collection":[{"href":"https:\/\/largerboissy.fr\/index.php?rest_route=\/wp\/v2\/posts"}],"about":[{"href":"https:\/\/largerboissy.fr\/index.php?rest_route=\/wp\/v2\/types\/post"}],"author":[{"embeddable":true,"href":"https:\/\/largerboissy.fr\/index.php?rest_route=\/wp\/v2\/users\/1"}],"replies":[{"embeddable":true,"href":"https:\/\/largerboissy.fr\/index.php?rest_route=%2Fwp%2Fv2%2Fcomments&post=1713"}],"version-history":[{"count":3,"href":"https:\/\/largerboissy.fr\/index.php?rest_route=\/wp\/v2\/posts\/1713\/revisions"}],"predecessor-version":[{"id":1717,"href":"https:\/\/largerboissy.fr\/index.php?rest_route=\/wp\/v2\/posts\/1713\/revisions\/1717"}],"wp:attachment":[{"href":"https:\/\/largerboissy.fr\/index.php?rest_route=%2Fwp%2Fv2%2Fmedia&parent=1713"}],"wp:term":[{"taxonomy":"category","embeddable":true,"href":"https:\/\/largerboissy.fr\/index.php?rest_route=%2Fwp%2Fv2%2Fcategories&post=1713"},{"taxonomy":"post_tag","embeddable":true,"href":"https:\/\/largerboissy.fr\/index.php?rest_route=%2Fwp%2Fv2%2Ftags&post=1713"}],"curies":[{"name":"wp","href":"https:\/\/api.w.org\/{rel}","templated":true}]}}